
 {"id":324,"date":"2021-02-09T19:52:24","date_gmt":"2021-02-09T18:52:24","guid":{"rendered":"http:\/\/test.herbert-bauer.de\/?p=324"},"modified":"2025-03-23T16:58:50","modified_gmt":"2025-03-23T15:58:50","slug":"roetlich-faerbt-der-morgenstern-den-himmel","status":"publish","type":"post","link":"https:\/\/herbert-bauer.de\/en\/roetlich-faerbt-der-morgenstern-den-himmel\/","title":{"rendered":"R\u00f6tlich f\u00e4rbt der Morgenstern den Himmel"},"content":{"rendered":"<div class=\"wp-block-columns is-layout-flex wp-container-core-columns-is-layout-9d6595d7 wp-block-columns-is-layout-flex\">\n<div class=\"wp-block-column is-layout-flow wp-block-column-is-layout-flow\" style=\"flex-basis:33.33%\">\n<h2 class=\"wp-block-heading\">R\u00f6tlich f\u00e4rbt der Morgenstern den Himmel<\/h2>\n\n\n\n<p>1974, \u00d6l auf Leinwand<\/p>\n\n\n\n<p>75&#215;65 cm<\/p>\n\n\n\n<p>Herbert-Bauer-Archiv, Stuttgart<\/p>\n\n\n\n<p><\/p>\n<\/div>\n\n\n\n<div class=\"wp-block-column is-layout-flow wp-block-column-is-layout-flow\" style=\"flex-basis:66.66%\">\n<figure class=\"wp-block-image size-large\"><img loading=\"lazy\" decoding=\"async\" width=\"872\" height=\"1024\" src=\"http:\/\/test.herbert-bauer.de\/wp-content\/uploads\/2021\/02\/8_Titelbild_Roetlich-faerbt-der-Morgenstern-den-Himmel-1974-2-872x1024.jpg\" alt=\"\" class=\"wp-image-255\" srcset=\"https:\/\/herbert-bauer.de\/wp-content\/uploads\/2021\/02\/8_Titelbild_Roetlich-faerbt-der-Morgenstern-den-Himmel-1974-2-872x1024.jpg 872w, https:\/\/herbert-bauer.de\/wp-content\/uploads\/2021\/02\/8_Titelbild_Roetlich-faerbt-der-Morgenstern-den-Himmel-1974-2-255x300.jpg 255w, https:\/\/herbert-bauer.de\/wp-content\/uploads\/2021\/02\/8_Titelbild_Roetlich-faerbt-der-Morgenstern-den-Himmel-1974-2-768x902.jpg 768w, https:\/\/herbert-bauer.de\/wp-content\/uploads\/2021\/02\/8_Titelbild_Roetlich-faerbt-der-Morgenstern-den-Himmel-1974-2-1308x1536.jpg 1308w, https:\/\/herbert-bauer.de\/wp-content\/uploads\/2021\/02\/8_Titelbild_Roetlich-faerbt-der-Morgenstern-den-Himmel-1974-2-1744x2048.jpg 1744w\" sizes=\"auto, (max-width: 872px) 100vw, 872px\" \/><\/figure>\n<\/div>\n<\/div>","protected":false},"excerpt":{"rendered":"<p>R\u00f6tlich f\u00e4rbt der Morgenstern den Himmel 1974, \u00d6l auf Leinwand 75&#215;65 cm Herbert-Bauer-Archiv, Stuttgart [&#8230;]<\/p>\n<p><a class=\"btn btn-secondary understrap-read-more-link\" href=\"https:\/\/herbert-bauer.de\/en\/roetlich-faerbt-der-morgenstern-den-himmel\/\">Read More&#8230;<\/a><\/p>\n","protected":false},"author":1,"featured_media":213,"comment_status":"closed","ping_status":"open","sticky":false,"template":"","format":"standard","meta":{"om_disable_all_campaigns":false,"_monsterinsights_skip_tracking":false,"_monsterinsights_sitenote_active":false,"_monsterinsights_sitenote_note":"","_monsterinsights_sitenote_category":0,"footnotes":""},"categories":[8,4],"tags":[],"class_list":["post-324","post","type-post","status-publish","format-standard","has-post-thumbnail","hentry","category-bewegung-im-raum","category-werke"],"aioseo_notices":[],"_links":{"self":[{"href":"https:\/\/herbert-bauer.de\/en\/wp-json\/wp\/v2\/posts\/324","targetHints":{"allow":["GET"]}}],"collection":[{"href":"https:\/\/herbert-bauer.de\/en\/wp-json\/wp\/v2\/posts"}],"about":[{"href":"https:\/\/herbert-bauer.de\/en\/wp-json\/wp\/v2\/types\/post"}],"author":[{"embeddable":true,"href":"https:\/\/herbert-bauer.de\/en\/wp-json\/wp\/v2\/users\/1"}],"replies":[{"embeddable":true,"href":"https:\/\/herbert-bauer.de\/en\/wp-json\/wp\/v2\/comments?post=324"}],"version-history":[{"count":2,"href":"https:\/\/herbert-bauer.de\/en\/wp-json\/wp\/v2\/posts\/324\/revisions"}],"predecessor-version":[{"id":4495,"href":"https:\/\/herbert-bauer.de\/en\/wp-json\/wp\/v2\/posts\/324\/revisions\/4495"}],"wp:featuredmedia":[{"embeddable":true,"href":"https:\/\/herbert-bauer.de\/en\/wp-json\/wp\/v2\/media\/213"}],"wp:attachment":[{"href":"https:\/\/herbert-bauer.de\/en\/wp-json\/wp\/v2\/media?parent=324"}],"wp:term":[{"taxonomy":"category","embeddable":true,"href":"https:\/\/herbert-bauer.de\/en\/wp-json\/wp\/v2\/categories?post=324"},{"taxonomy":"post_tag","embeddable":true,"href":"https:\/\/herbert-bauer.de\/en\/wp-json\/wp\/v2\/tags?post=324"}],"curies":[{"name":"wp","href":"https:\/\/api.w.org\/{rel}","templated":true}]}}