
 {"id":322,"date":"2021-02-09T19:54:17","date_gmt":"2021-02-09T18:54:17","guid":{"rendered":"http:\/\/test.herbert-bauer.de\/?p=322"},"modified":"2021-03-12T18:47:05","modified_gmt":"2021-03-12T17:47:05","slug":"im-kosmischen-bluetenmonat-beruehrt-die-sonne-die-gaerten","status":"publish","type":"post","link":"https:\/\/herbert-bauer.de\/en\/im-kosmischen-bluetenmonat-beruehrt-die-sonne-die-gaerten\/","title":{"rendered":"Im kosmischen Bl\u00fctenmonat ber\u00fchrt die Sonne die G\u00e4rten"},"content":{"rendered":"<div class=\"wp-block-columns is-layout-flex wp-container-core-columns-is-layout-9d6595d7 wp-block-columns-is-layout-flex\">\n<div class=\"wp-block-column is-layout-flow wp-block-column-is-layout-flow\" style=\"flex-basis:33.33%\">\n<h2 class=\"wp-block-heading\">Im kosmischen Bl\u00fctenmonat ber\u00fchrt die Sonne die G\u00e4rten<\/h2>\n\n\n\n<p>1974, \u00d6l auf Leinwand<\/p>\n\n\n\n<p>75&#215;65 cm<\/p>\n\n\n\n<p>Privatbesitz, Langenargen am Bodensee<\/p>\n\n\n\n<p><\/p>\n<\/div>\n\n\n\n<div class=\"wp-block-column is-layout-flow wp-block-column-is-layout-flow\" style=\"flex-basis:66.66%\">\n<figure class=\"wp-block-image size-large\"><img loading=\"lazy\" decoding=\"async\" width=\"888\" height=\"1024\" src=\"http:\/\/test.herbert-bauer.de\/wp-content\/uploads\/2021\/02\/7_Im-kosmischen-Bluetenmonat-beruehrt-die-Sone-die-Gaerten-1974-1-888x1024.jpg\" alt=\"\" class=\"wp-image-254\" srcset=\"https:\/\/herbert-bauer.de\/wp-content\/uploads\/2021\/02\/7_Im-kosmischen-Bluetenmonat-beruehrt-die-Sone-die-Gaerten-1974-1-888x1024.jpg 888w, https:\/\/herbert-bauer.de\/wp-content\/uploads\/2021\/02\/7_Im-kosmischen-Bluetenmonat-beruehrt-die-Sone-die-Gaerten-1974-1-260x300.jpg 260w, https:\/\/herbert-bauer.de\/wp-content\/uploads\/2021\/02\/7_Im-kosmischen-Bluetenmonat-beruehrt-die-Sone-die-Gaerten-1974-1-768x885.jpg 768w, https:\/\/herbert-bauer.de\/wp-content\/uploads\/2021\/02\/7_Im-kosmischen-Bluetenmonat-beruehrt-die-Sone-die-Gaerten-1974-1-1333x1536.jpg 1333w, https:\/\/herbert-bauer.de\/wp-content\/uploads\/2021\/02\/7_Im-kosmischen-Bluetenmonat-beruehrt-die-Sone-die-Gaerten-1974-1-1777x2048.jpg 1777w, https:\/\/herbert-bauer.de\/wp-content\/uploads\/2021\/02\/7_Im-kosmischen-Bluetenmonat-beruehrt-die-Sone-die-Gaerten-1974-1.jpg 1854w\" sizes=\"auto, (max-width: 888px) 100vw, 888px\" \/><\/figure>\n<\/div>\n<\/div>","protected":false},"excerpt":{"rendered":"<p>Im kosmischen Bl\u00fctenmonat ber\u00fchrt die Sonne die G\u00e4rten 1974, \u00d6l auf Leinwand 75&#215;65 cm Privatbesitz, Langenargen am Bodensee [&#8230;]<\/p>\n<p><a class=\"btn btn-secondary understrap-read-more-link\" href=\"https:\/\/herbert-bauer.de\/en\/im-kosmischen-bluetenmonat-beruehrt-die-sonne-die-gaerten\/\">Read More&#8230;<\/a><\/p>\n","protected":false},"author":1,"featured_media":254,"comment_status":"closed","ping_status":"open","sticky":false,"template":"","format":"standard","meta":{"om_disable_all_campaigns":false,"_monsterinsights_skip_tracking":false,"_monsterinsights_sitenote_active":false,"_monsterinsights_sitenote_note":"","_monsterinsights_sitenote_category":0,"footnotes":""},"categories":[8,4],"tags":[],"class_list":["post-322","post","type-post","status-publish","format-standard","has-post-thumbnail","hentry","category-bewegung-im-raum","category-werke"],"aioseo_notices":[],"_links":{"self":[{"href":"https:\/\/herbert-bauer.de\/en\/wp-json\/wp\/v2\/posts\/322","targetHints":{"allow":["GET"]}}],"collection":[{"href":"https:\/\/herbert-bauer.de\/en\/wp-json\/wp\/v2\/posts"}],"about":[{"href":"https:\/\/herbert-bauer.de\/en\/wp-json\/wp\/v2\/types\/post"}],"author":[{"embeddable":true,"href":"https:\/\/herbert-bauer.de\/en\/wp-json\/wp\/v2\/users\/1"}],"replies":[{"embeddable":true,"href":"https:\/\/herbert-bauer.de\/en\/wp-json\/wp\/v2\/comments?post=322"}],"version-history":[{"count":1,"href":"https:\/\/herbert-bauer.de\/en\/wp-json\/wp\/v2\/posts\/322\/revisions"}],"predecessor-version":[{"id":323,"href":"https:\/\/herbert-bauer.de\/en\/wp-json\/wp\/v2\/posts\/322\/revisions\/323"}],"wp:featuredmedia":[{"embeddable":true,"href":"https:\/\/herbert-bauer.de\/en\/wp-json\/wp\/v2\/media\/254"}],"wp:attachment":[{"href":"https:\/\/herbert-bauer.de\/en\/wp-json\/wp\/v2\/media?parent=322"}],"wp:term":[{"taxonomy":"category","embeddable":true,"href":"https:\/\/herbert-bauer.de\/en\/wp-json\/wp\/v2\/categories?post=322"},{"taxonomy":"post_tag","embeddable":true,"href":"https:\/\/herbert-bauer.de\/en\/wp-json\/wp\/v2\/tags?post=322"}],"curies":[{"name":"wp","href":"https:\/\/api.w.org\/{rel}","templated":true}]}}